{"id":1605,"date":"2021-04-06T11:47:29","date_gmt":"2021-04-06T09:47:29","guid":{"rendered":"https:\/\/cermam.org\/fr\/?p=1605"},"modified":"2021-04-06T11:47:30","modified_gmt":"2021-04-06T09:47:30","slug":"un-nouveau-gouvernement-pour-la-libye","status":"publish","type":"post","link":"https:\/\/cermam.org\/fr\/un-nouveau-gouvernement-pour-la-libye\/","title":{"rendered":"Un nouveau gouvernement pour la Libye"},"content":{"rendered":"\n<p>Apr\u00e8s une d\u00e9cennie de conflit, la Libye semble prendre un nouveau d\u00e9part avec la formation d\u2019un gouvernement unifi\u00e9 le 5 f\u00e9vrier 2021, suite \u00e0 des n\u00e9gociations sous l\u2019\u00e9gide de l\u2019ONU.<\/p>\n\n\n\n<p><strong>Un pays longtemps divis\u00e9<\/strong><\/p>\n\n\n\n<p>La Libye fut l\u2019un des premiers pays touch\u00e9s durablement par le Printemps Arabe. En effet, les manifestations ont commenc\u00e9 d\u00e8s le 15 janvier 2011. Malgr\u00e9 la r\u00e9pression, une forte manifestation est organis\u00e9e le 15 f\u00e9vrier, donnant lieu \u00e0 des affrontements entre manifestants et forces de l\u2019ordre<a href=\"#_ftn1\">[1]<\/a>. La contestation se transforme peu \u00e0 peu en insurrection. Le 19 mars 2011, les \u00c9tats-Unis, la France et le Royaume Uni lancent une op\u00e9ration, valid\u00e9e par l\u2019ONU. La r\u00e9bellion s\u2019organise alors au sein du Conseil national de transition (CNT). Apr\u00e8s la mort de Khadafi le 20 octobre 2011, le pays ne parvient pas \u00e0 retrouver une stabilit\u00e9. En effet, le mar\u00e9chal Haftar lance en mai 2014 une op\u00e9ration contre des groupes djihadistes \u00e0 Benghazi, soutenu par l\u2019\u00c9gypte et les \u00c9mirats Arabes Unis. Il fonde alors \u00ab&nbsp;l\u2019Arm\u00e9e Nationale Libyenne&nbsp;(ANL)&nbsp;\u00bb. Malgr\u00e9 la signature d\u2019un accord parrain\u00e9 par l\u2019ONU au Maroc en 2015, aboutissant \u00e0 la cr\u00e9ation du Gouvernement d\u2019Union Nationale (GNA), le pays reste divis\u00e9. En effet, le chef du GNA Fayez al-Sarraj s\u2019installe \u00e0 Tripoli en 2016, mais est contest\u00e9 par les forces du mar\u00e9chal Haftar, ainsi que par le parlement. Apr\u00e8s la reconqu\u00eate de Benghazi, le mar\u00e9chal Haftar se lance d\u00e8s d\u00e9but 2019 \u00e0 la conqu\u00eate du pays. Cependant, le conflit fait face \u00e0 la multiplication des interventions \u00e9trang\u00e8res et \u00e0 la pr\u00e9sence massive de mercenaires \u00e9trangers, et le soutien militaire direct de la Turquie au gouvernement de Tripoli. Cependant, sous l\u2019\u00e9gide de l\u2019ONU, est sign\u00e9 un accord de cessez-le-feu le 23 octobre 2020<a href=\"#_ftn2\">[2]<\/a>.<\/p>\n\n\n\n<p><strong>Formation d\u2019un nouveau gouvernement<\/strong><\/p>\n\n\n\n<p>R\u00e9unis \u00e0 Gen\u00e8ve sous l\u2019\u00e9gide de l\u2019ONU, 75 responsables libyens de tous bords ont d\u00e9sign\u00e9 le 5 f\u00e9vrier 2021 un nouveau gouvernement et un conseil pr\u00e9sidentiel de trois membres<a href=\"#_ftn3\">[3]<\/a>. Ils ont ainsi \u00e9lu Abdelhamid Dbeidah comme Premier ministre par int\u00e9rim afin de g\u00e9rer la transition jusqu\u2019aux \u00e9lections pr\u00e9vues le 24 d\u00e9cembre<a href=\"#_ftn4\">[4]<\/a>. D\u00e9but mars, le parlement libyen a vot\u00e9 la confiance au gouvernement nouvellement \u00e9lu. Son \u00e9lection a \u00e9t\u00e9 appuy\u00e9e par la remise des pouvoirs du Gouvernement d\u2019Union Nationale (GNA) de Fayez al-Sarraj le 16 mars et par le gouvernement parall\u00e8le de l\u2019Est le 24 mars<a href=\"#_ftn5\">[5]<\/a>. En outre, le mar\u00e9chal Haftar avait promis d\u00e8s le 11 f\u00e9vrier le soutien de ses forces au processus de paix dans le pays<a href=\"#_ftn6\">[6]<\/a>. Lors de son discours de d\u00e9part, Fayez al-Sarraj avait soulign\u00e9 \u00ab&nbsp;les difficult\u00e9s interminables&nbsp;\u00bb qu\u2019il avait d\u00fb surmonter. Son successeur, Dbeidah a salu\u00e9 ses efforts&nbsp;: \u00ab&nbsp;Nous sommes d\u00e9termin\u00e9s \u00e0 poursuivre les r\u00e9formes et tout ce que vous avez commenc\u00e9&nbsp;\u00bb<a href=\"#_ftn7\">[7]<\/a>.<\/p>\n\n\n\n<p><strong>Une \u00e9lection inattendue sur fond d\u2019accusations de corruption<\/strong><\/p>\n\n\n\n<p>L\u2019\u00e9lection d\u2019Abdelhamid Dbeidah a provoqu\u00e9 la surprise \u00e0 Gen\u00e8ve. En effet, cet ing\u00e9nieur, milliardaire et notable de Misrata (Ouest) est connu pour avoir assur\u00e9 des fonctions importantes sous Khadafi. Il a en outre fait l\u2019objet avec son cousin Ali d\u2019enqu\u00eates pour des malversations<a href=\"#_ftn8\">[8]<\/a>. Il est \u00e9galement r\u00e9put\u00e9 \u00eatre proche des turcs<a href=\"#_ftn9\">[9]<\/a>&nbsp;. L\u2019\u00e9lection d\u2019Abdelhamid Dbeidah a cependant \u00e9t\u00e9 entach\u00e9e par des accusations de corruption<a href=\"#_ftn10\">[10]<\/a>. En effet, selon un extrait de l\u2019annexe 13, deux membres du Forum du dialogue politique (FDPL) ont \u00ab&nbsp;offert des pots-de-vin de 150.000 \u00e0 200.000 dollars \u00e0 au moins trois participants en \u00e9change d&rsquo;un engagement \u00e0 voter pour (Abdelhamid) Dbeibah comme Premier ministre&nbsp;\u00bb<a href=\"#_ftn11\">[11]<\/a>&nbsp;. Cependant, le Premier Ministre Abdelhamid Dbeidah s\u2019est d\u00e9fendu de toute corruption, en soulignant \u00ab\u00a0l&rsquo;int\u00e9grit\u00e9 du processus \u00e0 travers lequel le nouvel ex\u00e9cutif a \u00e9t\u00e9 d\u00e9sign\u00e9 en toute transparence\u00a0\u00bb et \u00ab\u00a0que les Libyens ont pu suivre \u00e0 la t\u00e9l\u00e9vision et dans diff\u00e9rents m\u00e9dias\u00a0\u00bb. Selon un communiqu\u00e9, il pointe du doigt \u00ab&nbsp;ces tentatives visant \u00e0 perturber la formation du gouvernement et \u00e0 entraver (le vote) de confiance en diffusant des rumeurs et des fake news&nbsp;\u00bb <a href=\"#_ftn12\">[12]<\/a>.<\/p>\n\n\n\n<p><strong>Un avenir incertain<\/strong><\/p>\n\n\n\n<p>Des questions se posent quant \u00e0 l\u2019avenir et la stabilit\u00e9 de la Libye. En effet, malgr\u00e9 la nomination d\u2019un nouveau Premier ministre, des tensions demeurent. Ainsi, le 24 mars 2021, le commandant Mahmoud al-Werfalli, officier de l\u2019ANL du mar\u00e9chal Haftar a \u00e9t\u00e9 assassin\u00e9<a href=\"#_ftn13\">[13]<\/a>. Il \u00e9tait notamment recherch\u00e9 par la CPI pour avoir abattu des prisonniers en 2017 et 2018. Deux autres libyens sont par ailleurs poursuivis par la CPI&nbsp;: Mohamed Khaled, ex-chef de l&rsquo;Agence de s\u00e9curit\u00e9 int\u00e9rieure libyenne, et Seif al-Islam fils de Khadafi<a href=\"#_ftn14\">[14]<\/a>. En outre, le nouveau gouvernement a de nombreux d\u00e9fis \u00e0 relever apr\u00e8s une d\u00e9cennie de guerre qui a profond\u00e9ment appauvri le pays et d\u00e9t\u00e9rior\u00e9 les infrastructures, bien que le pays dispose des r\u00e9serves de p\u00e9trole les plus abondantes d&rsquo;Afrique. Le pays est en outre la plaque tournante de l\u2019immigration clandestine en provenance d\u2019Afrique subsaharienne qui cherche \u00e0 rejoindre l\u2019Europe. Enfin, la pr\u00e9sence de nombreux mercenaires de diff\u00e9rentes nationalit\u00e9s ainsi que de militaires turcs, malgr\u00e9 la pr\u00e9sence d\u2019un embargo depuis 2011, reste source d\u2019inqui\u00e9tude pour la stabilit\u00e9 du pays. En effet, l\u2019ONU a \u00e9valu\u00e9 en d\u00e9cembre la pr\u00e9sence d\u2019environ 20&nbsp;000 militaires \u00e9trangers et mercenaires en Libye<a href=\"#_ftn15\">[15]<\/a>. Mercredi 24 mars 2021, l\u2019ONU a ainsi appel\u00e9 au d\u00e9part rapide des mercenaires de la Libye<a href=\"#_ftn16\">[16]<\/a>. Elle a \u00e9galement envoy\u00e9 une unit\u00e9 d\u2019observateurs internationaux pour pr\u00e9parer une mission d\u2019observation du cessez-le-feu en Libye et v\u00e9rifier le d\u00e9part des mercenaires et militaires \u00e9trangers<a href=\"#_ftn17\">[17]<\/a>. L\u2019envoy\u00e9 sp\u00e9cial pour la Libye, Jan Kubis, a ainsi soulign\u00e9 que \u00ab\u00a0leur retrait de Libye contribuera grandement \u00e0 reconstituer l&rsquo;unit\u00e9 et la souverainet\u00e9 du pays et \u00e0 panser les blessures profondes caus\u00e9es par de nombreuses ann\u00e9es de conflits internes, de conflits actifs et d&rsquo;ing\u00e9rences \u00e9trang\u00e8res\u00a0\u00bb<a href=\"#_ftn18\">[18]<\/a>&nbsp;.<\/p>\n\n\n\n<p><strong>R\u00e9actions internationales<\/strong><\/p>\n\n\n\n<p>L\u2019appel de l\u2019ONU au d\u00e9part rapide des mercenaires de Libye a \u00e9t\u00e9 suivi par la France, l\u2019Italie et l\u2019Allemagne lors d\u2019une conf\u00e9rence de presse \u00e0 Tripoli le 25 mars 2021. Jean-Yves Le Drian a ainsi affirm\u00e9 que \u00ab Le d\u00e9part de mercenaires \u00e9trangers est n\u00e9cessaire pour que l\u2019\u00e9tat libyen affirme sa souverainet\u00e9 \u00bb <a href=\"#_ftn19\">[19]<\/a>. Cette d\u00e9claration fait suite \u00e0 l\u2019accueil des nouveaux dirigeants libyens \u00e0 l\u2019\u00c9lys\u00e9e le 23 mars o\u00f9 Macron avait soulign\u00e9 que \u00ab nous avons une dette envers la Libye, tr\u00e8s claire : une d\u00e9cennie de d\u00e9sordre\u00bb <a href=\"#_ftn20\">[20]<\/a>. Cette phrase sonne ainsi comme l\u2019aveu d\u2019une erreur que fut l\u2019intervention de 2011 en Libye men\u00e9e par l\u2019ancien pr\u00e9sident Nicolas Sarkozy, mais \u00e9galement comme une mani\u00e8re pour Emmanuel Macron de tourner la page afin de reprendre pied en Libye. La France rouvrira ainsi son ambassade \u00e0 Tripoli lundi 29 mars, qui \u00e9tait ferm\u00e9e depuis le 30 juillet 2014<a href=\"#_ftn21\">[21]<\/a>. Le vote de confiance au parlement libyen en faveur du nouveau gouvernement avait en outre \u00e9t\u00e9 salu\u00e9 par l\u2019\u00c9gypte et la Jordanie. Le ministre des Affaires \u00c9trang\u00e8res \u00e9gyptien Sameh Choukri a ainsi estim\u00e9 que \u00ab\u00a0tout cela va dans le sens d&rsquo;une avanc\u00e9e vers la stabilit\u00e9, la protection de la s\u00e9curit\u00e9 et de la souverainet\u00e9 de la Libye\u00a0\u00bb<a href=\"#_ftn22\">[22]<\/a>.<\/p>\n\n\n\n<p><\/p>\n\n\n\n<p>Marie de La Roche Saint-Andr\u00e9, Assistante de recherche<\/p>\n\n\n\n<hr class=\"wp-block-separator\" \/>\n\n\n\n<p><a href=\"#_ftnref1\">[1]<\/a> <em>Depuis l\u2019insurrection contre Kadhafi en 2011 jusqu\u2019au cessez-le-feu du 23 octobre 2020<\/em>. (2021, 18 f\u00e9vrier). L\u2019Orient-Le-Jour. <a href=\"https:\/\/www.lorientlejour.com\/article\/1252384\/depuis-linsurrection-contre-kadhafi-en-2011-jusquau-cessez-le-feu-du-23-octobre-2020.html\">https:\/\/www.lorientlejour.com\/article\/1252384\/depuis-linsurrection-contre-kadhafi-en-2011-jusquau-cessez-le-feu-du-23-octobre-2020.html<\/a> (consult\u00e9 le 29\/03\/2021).<\/p>\n\n\n\n<p><a href=\"#_ftnref2\">[2]<\/a> Ibid.<\/p>\n\n\n\n<p><a href=\"#_ftnref3\">[3]<\/a> <em>Le gouvernement de l\u2019Est libyen c\u00e8de le pouvoir au Premier ministre de transition<\/em>. (2021, 24 mars). France 24. <a href=\"https:\/\/www.france24.com\/fr\/afrique\/20210324-le-gouvernement-de-l-est-libyen-c%C3%A8de-le-pouvoir-au-premier-ministre-de-transition\">https:\/\/www.france24.com\/fr\/afrique\/20210324-le-gouvernement-de-l-est-libyen-c%C3%A8de-le-pouvoir-au-premier-ministre-de-transition<\/a> (consult\u00e9 le 29\/03\/2021).<\/p>\n\n\n\n<p><a href=\"#_ftnref4\">[4]<\/a> <em>Libye : le nouveau gouvernement Dbeibah investi<\/em>. (2021, 15 mars). Rfi. <a href=\"https:\/\/www.rfi.fr\/fr\/afrique\/20210315-libye-investiture-du-nouveau-gouvernement\">https:\/\/www.rfi.fr\/fr\/afrique\/20210315-libye-investiture-du-nouveau-gouvernement<\/a> (consult\u00e9 le 29\/03\/2021).<\/p>\n\n\n\n<p><a href=\"#_ftnref5\">[5]<\/a> <em>Le gouvernement de l\u2019Est libyen c\u00e8de le pouvoir au Premier ministre de transition<\/em>. (2021, 24 mars). France 24. <a href=\"https:\/\/www.france24.com\/fr\/afrique\/20210324-le-gouvernement-de-l-est-libyen-c%C3%A8de-le-pouvoir-au-premier-ministre-de-transition\">https:\/\/www.france24.com\/fr\/afrique\/20210324-le-gouvernement-de-l-est-libyen-c%C3%A8de-le-pouvoir-au-premier-ministre-de-transition<\/a> (consult\u00e9 le 29\/03\/2021).<\/p>\n\n\n\n<p><a href=\"#_ftnref6\">[6]<\/a> <em>Haftar promet le soutien de ses forces au processus de paix<\/em>. (2021, 11 f\u00e9vrier). L\u2019Orient-Le-Jour. <a href=\"https:\/\/www.lorientlejour.com\/article\/1251634\/haftar-promet-le-soutien-de-ses-forces-au-processus-de-paix.html\">https:\/\/www.lorientlejour.com\/article\/1251634\/haftar-promet-le-soutien-de-ses-forces-au-processus-de-paix.html<\/a> (consult\u00e9 le 26\/03\/2021).<\/p>\n\n\n\n<p><a href=\"#_ftnref7\">[7]<\/a> <em>Le gouvernement Sarraj remet le pouvoir aux nouvelles autorit\u00e9s.<\/em> (2021, 16 mars). L\u2019Orient-Le-Jour. <a href=\"https:\/\/www.lorientlejour.com\/article\/1255523\/libye-le-gouvernement-sarraj-remet-le-pouvoir-aux-nouvelles-autorites.html\">https:\/\/www.lorientlejour.com\/article\/1255523\/libye-le-gouvernement-sarraj-remet-le-pouvoir-aux-nouvelles-autorites.html<\/a> (consult\u00e9 le 26\/03\/2021).<\/p>\n\n\n\n<p><a href=\"#_ftnref8\">[8]<\/a> <em>La Libye entame une nouvelle phase de transition<\/em>. (2021, 6 f\u00e9vrier). L\u2019Orient-Le-Jour. <a href=\"https:\/\/www.lorientlejour.com\/article\/1251045\/la-libye-entame-une-nouvelle-phase-de-transition.html\">https:\/\/www.lorientlejour.com\/article\/1251045\/la-libye-entame-une-nouvelle-phase-de-transition.html<\/a> (consult\u00e9 le 26\/03\/2021).<\/p>\n\n\n\n<p><a href=\"#_ftnref9\">[9]<\/a> <em>Le chef du gouvernement de transition libyen a pr\u00eat\u00e9 serment<\/em>. (2021, 16 mars). L\u2019Orient-Le-Jour. <a href=\"https:\/\/www.lorientlejour.com\/article\/1255437\/le-chef-du-gouvernement-de-transition-libyen-a-prete-serment.html\">https:\/\/www.lorientlejour.com\/article\/1255437\/le-chef-du-gouvernement-de-transition-libyen-a-prete-serment.html<\/a> (consult\u00e9 le 26\/03\/2021).<\/p>\n\n\n\n<p><a href=\"#_ftnref10\">[10]<\/a> <em>Libye : le nouveau gouvernement Dbeibah investi<\/em>. (2021, 15 mars). Rfi. <a href=\"https:\/\/www.rfi.fr\/fr\/afrique\/20210315-libye-investiture-du-nouveau-gouvernement\">https:\/\/www.rfi.fr\/fr\/afrique\/20210315-libye-investiture-du-nouveau-gouvernement<\/a> (consult\u00e9 le 26\/03\/2021).<\/p>\n\n\n\n<p><a href=\"#_ftnref11\">[11]<\/a> <em>Un rapport de l\u2019ONU confirme une tentative de pots-de-vin<\/em>. (2021, 16 mars). L\u2019Orient-Le-Jour. <a href=\"https:\/\/www.lorientlejour.com\/article\/1255544\/un-rapport-de-lonu-confirme-une-tentative-de-pots-de-vin.html\">https:\/\/www.lorientlejour.com\/article\/1255544\/un-rapport-de-lonu-confirme-une-tentative-de-pots-de-vin.html<\/a> (consult\u00e9 le 26\/03\/2021).<\/p>\n\n\n\n<p><a href=\"#_ftnref12\">[12]<\/a> <em>Le Premier ministre d\u00e9sign\u00e9 d\u00e9fend \u00ab l\u2019int\u00e9grit\u00e9 \u00bb du dialogue interlibyen<\/em>. (2021, 1 mars). L\u2019Orient-Le-Jour. <a href=\"https:\/\/www.lorientlejour.com\/article\/1253675\/le-premier-ministre-designe-defend-lintegrite-du-dialogue-interlibyen.html\">https:\/\/www.lorientlejour.com\/article\/1253675\/le-premier-ministre-designe-defend-lintegrite-du-dialogue-interlibyen.html<\/a> (consult\u00e9 le 26\/03\/2021).<\/p>\n\n\n\n<p><a href=\"#_ftnref13\">[13]<\/a> Mac\u00e9, C. (2021, 25 mars). <em>En Libye, le f\u00e9roce commandant Al-Werfalli assassin\u00e9<\/em>. Lib\u00e9ration. <a href=\"https:\/\/www.liberation.fr\/international\/afrique\/en-libye-le-feroce-commandant-al-werfalli-assassine-20210325_7IAKSZZOYRAQ5EZCVMPZIEVAEM\/\">https:\/\/www.liberation.fr\/international\/afrique\/en-libye-le-feroce-commandant-al-werfalli-assassine-20210325_7IAKSZZOYRAQ5EZCVMPZIEVAEM\/<\/a> (consult\u00e9 le 26\/03\/2021).<\/p>\n\n\n\n<p><a href=\"#_ftnref14\">[14]<\/a> <em>Libye : un lieutenant d\u2019Haftar recherch\u00e9 par la CPI a \u00e9t\u00e9 abattu \u00e0 Benghazi<\/em>. (2021, 25 mars). France 24. <a href=\"https:\/\/www.france24.com\/fr\/afrique\/20210325-libye-un-lieutenant-d-haftar-recherch%C3%A9-par-la-cpi-a-%C3%A9t%C3%A9-abattu-%C3%A0-benghazi\">https:\/\/www.france24.com\/fr\/afrique\/20210325-libye-un-lieutenant-d-haftar-recherch%C3%A9-par-la-cpi-a-%C3%A9t%C3%A9-abattu-%C3%A0-benghazi<\/a> (consult\u00e9 le 26\/03\/2021).<\/p>\n\n\n\n<p><a href=\"#_ftnref15\">[15]<\/a> <em>D\u00e9marche commune de Berlin, Paris et Rome pour appuyer les progr\u00e8s politiques<\/em>. (2021, 25 mars). L\u2019Orient-Le-Jour. <a href=\"https:\/\/www.lorientlejour.com\/article\/1256570\/visite-conjointe-des-chefs-de-la-diplomatie-francais-allemand-et-italien-ce-jeudi.html\">https:\/\/www.lorientlejour.com\/article\/1256570\/visite-conjointe-des-chefs-de-la-diplomatie-francais-allemand-et-italien-ce-jeudi.html<\/a> (consult\u00e9 le 26\/03\/2021).<\/p>\n\n\n\n<p><a href=\"#_ftnref16\">[16]<\/a> <em>Libye : appel des diplomaties fran\u00e7aise, italienne et allemande \u00e0 un d\u00e9part des mercenaires<\/em>. (2021, 26 mars). Rfi. <a href=\"https:\/\/www.rfi.fr\/fr\/afrique\/20210326-libye-appel-des-diplomaties-fran%C3%A7aise-italienne-et-allemande-%C3%A0-un-d%C3%A9part-des-mercenaires\">https:\/\/www.rfi.fr\/fr\/afrique\/20210326-libye-appel-des-diplomaties-fran%C3%A7aise-italienne-et-allemande-%C3%A0-un-d%C3%A9part-des-mercenaires<\/a> (consult\u00e9 le 26\/03\/2021).<\/p>\n\n\n\n<p><a href=\"#_ftnref17\">[17]<\/a> <em>Arriv\u00e9e de l\u2019avant-garde d\u2019une unit\u00e9 d\u2019observateurs du cessez-le-feu<\/em>. (2021, 4 mars). L\u2019Orient-Le-Jour. <a href=\"https:\/\/www.lorientlejour.com\/article\/1254069\/arrivee-de-lavant-garde-dune-unite-dobservateurs-du-cessez-le-feu.html\">https:\/\/www.lorientlejour.com\/article\/1254069\/arrivee-de-lavant-garde-dune-unite-dobservateurs-du-cessez-le-feu.html<\/a> (consult\u00e9 le 26\/03\/2021).<\/p>\n\n\n\n<p><a href=\"#_ftnref18\">[18]<\/a> <em>Le chef de l\u2019ONU r\u00e9clame \u00e0 nouveau le d\u00e9part des mercenaires et troupes \u00e9trang\u00e8res<\/em>. (2021, 24 mars). L\u2019Orient-Le-Jour. <a href=\"https:\/\/www.lorientlejour.com\/article\/1256473\/le-chef-de-lonu-reclame-a-nouveau-le-depart-des-mercenaires-et-troupes-etrangeres.html\">https:\/\/www.lorientlejour.com\/article\/1256473\/le-chef-de-lonu-reclame-a-nouveau-le-depart-des-mercenaires-et-troupes-etrangeres.html<\/a> (consult\u00e9 le 26\/03\/2021).<\/p>\n\n\n\n<p><a href=\"#_ftnref19\">[19]<\/a> <em>Libye : appel des diplomaties fran\u00e7aise, italienne et allemande \u00e0 un d\u00e9part des mercenaires<\/em>. (2021, 26 mars). Rfi. <a href=\"https:\/\/www.rfi.fr\/fr\/afrique\/20210326-libye-appel-des-diplomaties-fran%C3%A7aise-italienne-et-allemande-%C3%A0-un-d%C3%A9part-des-mercenaires\">https:\/\/www.rfi.fr\/fr\/afrique\/20210326-libye-appel-des-diplomaties-fran%C3%A7aise-italienne-et-allemande-%C3%A0-un-d%C3%A9part-des-mercenaires<\/a> (consult\u00e9 le 26\/03\/2021).<\/p>\n\n\n\n<p><a href=\"#_ftnref20\"><em><strong>[20]<\/strong><\/em><\/a><em> Libye : Macron reconna\u00eet la \u00ab dette \u00bb de la France apr\u00e8s l\u2019intervention occidentale de 2011<\/em>. (2021, 25 mars). Rfi. <a href=\"https:\/\/www.rfi.fr\/fr\/afrique\/20210325-libye-macron-reconna%C3%AEt-la-dette-de-la-france-apr%C3%A8s-l-intervention-occidentale-de-2011\">https:\/\/www.rfi.fr\/fr\/afrique\/20210325-libye-macron-reconna%C3%AEt-la-dette-de-la-france-apr%C3%A8s-l-intervention-occidentale-de-2011<\/a> (consult\u00e9 le 26\/03\/2021).<\/p>\n\n\n\n<p><a href=\"#_ftnref21\">[21]<\/a> <em>La France rouvrira lundi son ambassade \u00e0 Tripoli<\/em>. (2021, 23 mars). L\u2019Orient-Le-Jour. <a href=\"https:\/\/www.lorientlejour.com\/article\/1256345\/la-france-rouvrira-lundi-son-ambassade-a-tripoli.html\">https:\/\/www.lorientlejour.com\/article\/1256345\/la-france-rouvrira-lundi-son-ambassade-a-tripoli.html<\/a> (consult\u00e9 le 26\/03\/2021).<\/p>\n\n\n\n<p><a href=\"#_ftnref22\">[22]<\/a> <em>France, Allemagne et Egypte se r\u00e9jouissent du gouvernement libyen unifi\u00e9<\/em>. (2021, 11 mars). L\u2019Orient-Le-Jour. <a href=\"https:\/\/www.lorientlejour.com\/article\/1254966\/france-allemagne-et-egypte-se-rejouissent-du-gouvernement-libyen-unifie.html\">https:\/\/www.lorientlejour.com\/article\/1254966\/france-allemagne-et-egypte-se-rejouissent-du-gouvernement-libyen-unifie.html<\/a> (consult\u00e9 le 26\/03\/2021).<\/p>\n","protected":false},"excerpt":{"rendered":"<p>Apr\u00e8s une d\u00e9cennie de conflit, la Libye semble prendre un nouveau d\u00e9part avec la formation d\u2019un gouvernement unifi\u00e9 le 5 f\u00e9vrier 2021, suite \u00e0 des n\u00e9gociations sous l\u2019\u00e9gide de l\u2019ONU. Un pays longtemps divis\u00e9 La Libye fut l\u2019un des premiers pays touch\u00e9s durablement par le Printemps Arabe. En effet, les manifestations ont commenc\u00e9 d\u00e8s le &hellip;<\/p>\n","protected":false},"author":2,"featured_media":1606,"comment_status":"open","ping_status":"open","sticky":false,"template":"","format":"standard","meta":{"footnotes":""},"categories":[63],"tags":[],"class_list":["post-1605","post","type-post","status-publish","format-standard","has-post-thumbnail","hentry","category-analyse"],"_links":{"self":[{"href":"https:\/\/cermam.org\/fr\/wp-json\/wp\/v2\/posts\/1605","targetHints":{"allow":["GET"]}}],"collection":[{"href":"https:\/\/cermam.org\/fr\/wp-json\/wp\/v2\/posts"}],"about":[{"href":"https:\/\/cermam.org\/fr\/wp-json\/wp\/v2\/types\/post"}],"author":[{"embeddable":true,"href":"https:\/\/cermam.org\/fr\/wp-json\/wp\/v2\/users\/2"}],"replies":[{"embeddable":true,"href":"https:\/\/cermam.org\/fr\/wp-json\/wp\/v2\/comments?post=1605"}],"version-history":[{"count":2,"href":"https:\/\/cermam.org\/fr\/wp-json\/wp\/v2\/posts\/1605\/revisions"}],"predecessor-version":[{"id":1608,"href":"https:\/\/cermam.org\/fr\/wp-json\/wp\/v2\/posts\/1605\/revisions\/1608"}],"wp:featuredmedia":[{"embeddable":true,"href":"https:\/\/cermam.org\/fr\/wp-json\/wp\/v2\/media\/1606"}],"wp:attachment":[{"href":"https:\/\/cermam.org\/fr\/wp-json\/wp\/v2\/media?parent=1605"}],"wp:term":[{"taxonomy":"category","embeddable":true,"href":"https:\/\/cermam.org\/fr\/wp-json\/wp\/v2\/categories?post=1605"},{"taxonomy":"post_tag","embeddable":true,"href":"https:\/\/cermam.org\/fr\/wp-json\/wp\/v2\/tags?post=1605"}],"curies":[{"name":"wp","href":"https:\/\/api.w.org\/{rel}","templated":true}]}}