{"id":1801,"date":"2025-03-17T06:58:24","date_gmt":"2025-03-17T05:58:24","guid":{"rendered":"https:\/\/cermam.org\/fr\/?p=1801"},"modified":"2025-03-17T15:30:54","modified_gmt":"2025-03-17T14:30:54","slug":"le-moyen-orient-selon-donald-trump-une-nouvelle-publication-dirigee-par-hasni-abidi","status":"publish","type":"post","link":"https:\/\/cermam.org\/fr\/le-moyen-orient-selon-donald-trump-une-nouvelle-publication-dirigee-par-hasni-abidi\/","title":{"rendered":"\u00ab\u00a0Le Moyen-Orient selon Donald Trump\u00a0\u00bb, une nouvelle publication\u00a0dirig\u00e9e par Hasni Abidi"},"content":{"rendered":"\n<p><\/p>\n\n\n\n<p><strong>Le CERMAM et les \u00c9ditions Encre d\u2019Orient publient un livre intitul\u00e9 \u00ab Le Moyen-Orient selon Donald Trump \u00bb. Disponible&nbsp;<\/strong><strong>\u00e0 la vente<\/strong><strong>&nbsp;<\/strong><strong>\u00e0 partir du&nbsp;<\/strong><strong>mardi&nbsp;<\/strong><strong>25 mars 2025&nbsp;<\/strong><\/p>\n\n\n\n<p>Depuis le retour de Donald Trump \u00e0 la Maison-Blanche en janvier 2025, la politique am\u00e9ricaine semble n\u2019avoir jamais \u00e9t\u00e9 autant scrut\u00e9e et d\u00e9cri\u00e9e sur la sc\u00e8ne internationale. De l\u2019Europe&nbsp;en passant par lemonde arabo-musulman, aucun \u00c9tat&nbsp;n\u2019a \u00e9t\u00e9 \u00e9pargn\u00e9 par ses sorties et ses invectives. Sa strat\u00e9gie de \u00ab&nbsp;pression maximale&nbsp;\u00bb,&nbsp;adopt\u00e9e \u00e0 l\u2019\u00e9gard de l\u2019Iran pendant son premier mandat,&nbsp;semble d\u00e9sormais&nbsp;s\u2019appliquer&nbsp;aux plus proches alli\u00e9s de Washington, dont le&nbsp;Canada,&nbsp;qui en a \u00e9t\u00e9 le plus&nbsp;durement&nbsp;touch\u00e9 r\u00e9cemment. Donald Trump est fier de renouer avec Vladimir Poutine, au grand dam d\u2019une Europe d\u00e9sempar\u00e9e.<\/p>\n\n\n\n<p><\/p>\n\n\n\n<blockquote class=\"wp-block-quote is-layout-flow wp-block-quote-is-layout-flow\">\n<p>Le deuxi\u00e8me acte de Donald Trump\u00a0\u00e0 Washington\u00a0a raviv\u00e9 les\u00a0interrogations sur les contours et les cons\u00e9quences de sa politique\u00a0\u00e9trang\u00e8re au Moyen-Orient<\/p>\n<\/blockquote>\n\n\n\n<p>Naturellement, ce\u00a0deuxi\u00e8me acte de Donald Trump\u00a0\u00e0 Washington\u00a0a raviv\u00e9 les\u00a0interrogations sur les contours et les cons\u00e9quences de sa politique\u00a0\u00e9trang\u00e8re au Moyen-Orient. D\u2019un c\u00f4t\u00e9, le 47e pr\u00e9sident des \u00c9tats-Unis clame qu\u2019il veut mettre\u00a0fin aux guerres et \u00ab amener la paix dans le monde \u00bb, et qu\u2019il entend\u00a0redevenir le \u00ab faiseur de deals \u00bb qu\u2019il aurait \u00e9t\u00e9 pendant\u00a0son premier\u00a0mandat.\u00a0D\u2019un autre c\u00f4t\u00e9, la deuxi\u00e8me administration Trump semble\u00a0plus radicale que la premi\u00e8re, tant dans ses intentions que dans\u00a0son action bas\u00e9e sur le transactionnel. Trump I s\u2019\u00e9tait d\u00e9j\u00e0 montr\u00e9 enclin \u00e0 marginaliser les institutions internationales, privil\u00e9gier des\u00a0politiques pro-isra\u00e9liennes sans concession et une forte hostilit\u00e9\u00a0\u00e0 l\u2019Iran. Trump II pourrait amplifier cette tendance alors que la\u00a0vuln\u00e9rabilit\u00e9 des contrepouvoirs institutionnels aux \u00c9tats-Unis est\u00a0d\u00e9sormais patente.<\/p>\n\n\n\n<p>Il fait pourtant face \u00e0 un Moyen-Orient bien diff\u00e9rent de celui qu\u2019il a&nbsp;connu lors de sa premi\u00e8re pr\u00e9sidence : une guerre \u00e0 Gaza et au Liban,&nbsp;un Iran d\u00e9termin\u00e9 \u00e0 atteindre le seuil nucl\u00e9aire, une Syrie affranchie&nbsp;de la dynastie des Assad mais \u00e0 l\u2019avenir toujours incertain&#8230; Et cela,&nbsp;tandis que dans le reste du monde, les bouleversements r\u00e9gionaux&nbsp;sont maintenant pl\u00e9thoriques.&nbsp;<\/p>\n\n\n\n<p><\/p>\n\n\n\n<blockquote class=\"wp-block-quote is-layout-flow wp-block-quote-is-layout-flow\">\n<p>L\u2019approche peu diplomatique du pr\u00e9sident am\u00e9ricain et son attitude\u00a0\u00a0impr\u00e9visible pr\u00e9sagent une prochaine redistribution des cartes,\u00a0voire un remodelage, dans une r\u00e9gion par ailleurs d\u00e9cid\u00e9e \u00e0 prendre\u00a0son destin en main.<\/p>\n<\/blockquote>\n\n\n\n<p>L\u2019approche peu diplomatique du pr\u00e9sident am\u00e9ricain et son attitude\u00a0\u00a0impr\u00e9visible pr\u00e9sagent une prochaine redistribution des cartes,\u00a0voire un remodelage, dans une r\u00e9gion par ailleurs d\u00e9cid\u00e9e \u00e0 prendre\u00a0son destin en main. Face \u00e0 ces bouleversements qui\u00a0red\u00e9finissent\u00a0les \u00e9quilibres du syst\u00e8me international, il est essentiel de comprendre les implications\u00a0et les r\u00e9percussions\u00a0de cette nouvelle\u00a0administration Trump sur le Moyen-Orient. C\u2019est dans cette optique que\u00a0s\u2019inscrit\u00a0ce livre, en r\u00e9unissant\u00a0des experts francophones du Moyen-Orient qui d\u00e9cryptent la nouvelle donne g\u00e9opolitique et analysent l\u2019impact de la politique am\u00e9ricaine\u00a0sur\u00a0les principaux pays\u00a0de la r\u00e9gion.<\/p>\n\n\n\n<p>LES AUTEURS<\/p>\n\n\n\n<p><strong>Hasni<\/strong><strong>&nbsp;<\/strong><strong>Abidi<\/strong><\/p>\n\n\n\n<p>Hasni&nbsp;Abidi&nbsp;est charg\u00e9 de cours au Global&nbsp;Studies&nbsp;Institute&nbsp;de l\u2019Universit\u00e9 de Gen\u00e8ve. Directeur du Centre d\u2019\u00c9tudes et deRecherche sur le Monde Arabe et M\u00e9diterran\u00e9en (CERMAM)\u00e0 Gen\u00e8ve, il est \u00e9galement membre du Panel international surla sortie de la violence (IPEV). M.&nbsp;Abidi&nbsp;a enseign\u00e9 dans plusieurs universit\u00e9s dont Paris I La Sorbonne et Sciences Po, Paris.&nbsp;Il est l\u2019auteur de plusieurs ouvrages sur la r\u00e9gion MENA, dont&nbsp;<em>Le Moyen-Orient : le temps des incertitudes<\/em>(2018),&nbsp;<em>Le Moyen-Orient selon Joe Biden<\/em>&nbsp;(2021) et&nbsp;<em>Moyen-Orient et Afrique du Nord : Les nouvelles dynamiques<\/em>&nbsp;aux \u00e9ditions&nbsp;\u00c9rick&nbsp;Bonnier (\u00e0 para\u00eetre,&nbsp;2025).<\/p>\n\n\n\n<p><strong>Sarah Daoud<\/strong><\/p>\n\n\n\n<p>Chercheuse associ\u00e9e au CERI (Sciences Po) ainsi qu\u2019\u00e0&nbsp;EMAM&nbsp;(Universit\u00e9 de Tours), Sarah Daoud a r\u00e9alis\u00e9 une th\u00e8se de doctorat en science politique et relations internationales \u00e0 Sciences Po&nbsp;Paris sur le r\u00f4le des services de renseignement g\u00e9n\u00e9raux \u00e9gyptiens&nbsp;dans la m\u00e9diation du dossier palestinien. Ses recherches actuelles&nbsp;portent sur la diaspora palestinienne en \u00c9gypte et sur les impacts&nbsp;politiques et sociaux du conflit isra\u00e9lo-palestinien en \u00c9gypte.<\/p>\n\n\n\n<p><strong>Fatiha&nbsp;<\/strong><strong>Dazi-H\u00e9ni<\/strong><strong><\/strong><\/p>\n\n\n\n<p>Politologue reconnue des&nbsp;r\u00e9gimes&nbsp;monarchiques du Golfe,&nbsp;Fatiha&nbsp;Dazi-H\u00e9ni&nbsp;est chercheuse sp\u00e9cialis\u00e9e sur la P\u00e9ninsule arabique \u00e0 l\u2019IRSEM (Institut de Recherche&nbsp;Strat\u00e9gique de l\u2019\u00c9cole militaire) \u00e0 Paris.&nbsp;Enseignante&nbsp;\u00e0 Sciences Po Lille,&nbsp;elle est l\u2019auteure de&nbsp;plusieurs ouvrages de r\u00e9f\u00e9rence,&nbsp;tels que&nbsp;<em>Monarchies et Soci\u00e9t\u00e9s d\u2019Arabie&nbsp;: le temps des confrontations&nbsp;<\/em>(2006)&nbsp;et&nbsp;<em>L\u2019Arabie Saoudite en 100 questions,<\/em>&nbsp;\u00e9dit\u00e9 en 2017, 2018 et 2020. Elle a&nbsp;dirig\u00e9 l\u2019ouvrage&nbsp;collectif&nbsp;<em>L\u2019Arabie Saoudite dans le&nbsp;Monde<\/em>,&nbsp;\u00e0 para\u00eetre aux&nbsp;Editions&nbsp;du CNRS en 2025.<\/p>\n\n\n\n<p><strong>Marie&nbsp;<\/strong><strong>Kortam<\/strong><\/p>\n\n\n\n<p>Sociologue et sp\u00e9cialiste du Liban et du Moyen-Orient, Marie&nbsp;Kortam&nbsp;est chercheuse associ\u00e9e \u00e0 l\u2019Institut fran\u00e7ais du Proche Orient (IFPO) depuis 2007 et non-r\u00e9sident&nbsp;fellow&nbsp;au centre&nbsp;Harmoon&nbsp;\u00e0 Istanbul. Elle est conseill\u00e8re au Comit\u00e9 de Dialogue&nbsp;Libano-Palestinien (LPDC) et chercheuse principale \u00e0&nbsp;War&nbsp;Child sur la Syrie depuis 2024. Sa th\u00e8se de doctorat m\u00ealant une analyse comparative de la violence chez des jeunes de banlieues parisiennes et dans les camps de r\u00e9fugi\u00e9s palestiniens au Liban a donn\u00e9 lieu \u00e0 un livre, publi\u00e9 en 2013, intitul\u00e9&nbsp;<em>Jeunes palestiniens, jeunes fran\u00e7ais, quels points communs ? Face \u00e0 la violence et l\u2019oppression<\/em>. Elle a r\u00e9cemment publi\u00e9&nbsp;<em>Tripoli, une ville dans la marge. Luttes et qu\u00eate de justice<\/em>&nbsp;(2024).<\/p>\n\n\n\n<p><strong>Luis Martinez<\/strong><\/p>\n\n\n\n<p>Politologue et sp\u00e9cialiste du Maghreb et du Moyen-Orient,Luis Martinez est directeur de recherche au CERI (SciencesPo) depuis 2005 et charg\u00e9 de cours au Global&nbsp;Studies&nbsp;Institutede l\u2019Universit\u00e9 de Gen\u00e8ve. Il a \u00e9t\u00e9 auparavant professeur invit\u00e9&nbsp;de la&nbsp;School&nbsp;of International and Public&nbsp;Affairs&nbsp;\u00e0 l\u2019Universit\u00e9 Columbia de New York (2000-2001) et \u00e0 l\u2019Universit\u00e9 de&nbsp;Montr\u00e9al (2007-2008), avant d\u2019\u00eatre d\u00e9tach\u00e9 \u00e0 l\u2019\u00c9cole de gouvernance et d\u2019\u00e9conomie de Rabat en 2010. Il est l\u2019auteur de plusieurs&nbsp;ouvrages, tels que&nbsp;<em>Violence de la rente p\u00e9troli\u00e8re (Alg\u00e9rie, Libye et Irak)<\/em>&nbsp;(2010) et&nbsp;<em>L\u2019Afrique : le prochain Califat ?<\/em>&nbsp;(2023).<\/p>\n\n\n\n<p><strong>Melis&nbsp;<\/strong><strong>P<\/strong><strong>\u0131<\/strong><strong>nar<\/strong><strong>&nbsp;<\/strong><strong>Akda\u011f<\/strong><\/p>\n\n\n\n<p>Melis&nbsp;P\u0131nar&nbsp;Akda\u011f, chercheuse associ\u00e9e au CEVIPOF(Sciences Po) et charg\u00e9e&nbsp;d\u2019enseignement \u00e0 Sciences Po Paris,a soutenu une th\u00e8se de doctorat \u00e0 l\u2019Universit\u00e9 de Gen\u00e8ve encotutelle avec Sciences Po Paris intitul\u00e9e \u00ab On Contestation.Republicanism&nbsp;and the&nbsp;Gezi&nbsp;Park&nbsp;protests&nbsp;\u00bb.<\/p>\n\n\n\n<p><strong>Cl\u00e9ment Therme<\/strong><\/p>\n\n\n\n<p>Sp\u00e9cialiste de l\u2019Iran, Cl\u00e9ment Therme est docteur en sociologie (EHESS Paris) et en histoire internationale de l\u2019IHEID de Gen\u00e8ve. Chercheur non-r\u00e9sident \u00e0 l\u2019Institut international d\u2019\u00e9tudes iraniennes (Rasanah), il enseigne actuellement \u00e0 l\u2019\u00c9cole d\u2019Affaires Internationales de Sciences Po Paris et \u00e0 l\u2019Universit\u00e9 Paul Val\u00e9ry &#8211; Montpellier 3. Par le pass\u00e9, il a \u00e9t\u00e9 chercheur \u00e0 l\u2019Institut fran\u00e7ais de recherche sur l\u2019Iran (T\u00e9h\u00e9ran) et \u00e0 l\u2019Institut fran\u00e7ais des relations internationales (IFRI). Il a publi\u00e9 en 2012&nbsp;<em>les relations entre T\u00e9h\u00e9ran et Moscou depuis 1979<\/em>, et a dirig\u00e9 l\u2019ouvrage collectif&nbsp;<em>L\u2019Iran et ses rivaux. Entre nation et r\u00e9volution<\/em>&nbsp;(2020). Son prochain ouvrage,&nbsp;<em>Les id\u00e9es re\u00e7ues sur l\u2019Iran<\/em>&nbsp;para\u00eetra aux \u00e9ditions Cavalier Bleu en 2025.<\/p>\n\n\n\n<p><strong>Am\u00e9lie&nbsp;<\/strong><strong>Zaccour<\/strong><\/p>\n\n\n\n<p>Journaliste au service international du quotidien libanais<em>l\u2019Orient-le-Jour<\/em>, Am\u00e9lie&nbsp;Zaccour&nbsp;est sp\u00e9cialiste des questionslevantines ainsi que des monarchies du Golfe. Apr\u00e8s avoir suivi la&nbsp;guerre civile syrienne depuis Beyrouth pendant plusieurs ann\u00e9es,&nbsp;elle a men\u00e9 une mission de terrain \u00e0 Damas en d\u00e9cembre 2024&nbsp;apr\u00e8s l\u2019effondrement du r\u00e9gime Assad, en qu\u00eate de t\u00e9moignages&nbsp;sur le syst\u00e8me r\u00e9pressif. Ses publications portent sur les nouveaux&nbsp;enjeux strat\u00e9giques au Levant et dans le Golfe.&nbsp;<\/p>\n\n\n\n<p><strong>Maxime Fritsch,\u00a0<\/strong>assistant de\u00a0recherche\u00a0au CERMAM<\/p>\n\n\n\n<div class=\"wp-block-file\"><a href=\"https:\/\/cermam.org\/wp-content\/uploads\/2025\/03\/IMG_2613.jpeg\" class=\"wp-block-file__button wp-element-button\" download>T\u00e9l\u00e9charger<\/a><\/div>\n\n\n\n<p><\/p>\n","protected":false},"excerpt":{"rendered":"<p>Le CERMAM et les \u00c9ditions Encre d\u2019Orient publient un livre intitul\u00e9 \u00ab Le Moyen-Orient selon Donald Trump \u00bb. Disponible&nbsp;\u00e0 la vente&nbsp;\u00e0 partir du&nbsp;mardi&nbsp;25 mars 2025&nbsp; Depuis le retour de Donald Trump \u00e0 la Maison-Blanche en janvier 2025, la politique am\u00e9ricaine semble n\u2019avoir jamais \u00e9t\u00e9 autant scrut\u00e9e et d\u00e9cri\u00e9e sur la sc\u00e8ne internationale. De l\u2019Europe&nbsp;en passant &hellip;<\/p>\n","protected":false},"author":2,"featured_media":1803,"comment_status":"open","ping_status":"open","sticky":false,"template":"","format":"standard","meta":{"footnotes":""},"categories":[63],"tags":[],"class_list":["post-1801","post","type-post","status-publish","format-standard","has-post-thumbnail","hentry","category-analyse"],"_links":{"self":[{"href":"https:\/\/cermam.org\/fr\/wp-json\/wp\/v2\/posts\/1801","targetHints":{"allow":["GET"]}}],"collection":[{"href":"https:\/\/cermam.org\/fr\/wp-json\/wp\/v2\/posts"}],"about":[{"href":"https:\/\/cermam.org\/fr\/wp-json\/wp\/v2\/types\/post"}],"author":[{"embeddable":true,"href":"https:\/\/cermam.org\/fr\/wp-json\/wp\/v2\/users\/2"}],"replies":[{"embeddable":true,"href":"https:\/\/cermam.org\/fr\/wp-json\/wp\/v2\/comments?post=1801"}],"version-history":[{"count":1,"href":"https:\/\/cermam.org\/fr\/wp-json\/wp\/v2\/posts\/1801\/revisions"}],"predecessor-version":[{"id":1804,"href":"https:\/\/cermam.org\/fr\/wp-json\/wp\/v2\/posts\/1801\/revisions\/1804"}],"wp:featuredmedia":[{"embeddable":true,"href":"https:\/\/cermam.org\/fr\/wp-json\/wp\/v2\/media\/1803"}],"wp:attachment":[{"href":"https:\/\/cermam.org\/fr\/wp-json\/wp\/v2\/media?parent=1801"}],"wp:term":[{"taxonomy":"category","embeddable":true,"href":"https:\/\/cermam.org\/fr\/wp-json\/wp\/v2\/categories?post=1801"},{"taxonomy":"post_tag","embeddable":true,"href":"https:\/\/cermam.org\/fr\/wp-json\/wp\/v2\/tags?post=1801"}],"curies":[{"name":"wp","href":"https:\/\/api.w.org\/{rel}","templated":true}]}}